{"id":1,"name":"silvaniomoreiraadv.com","url":"http:\/\/silvaniomoreiraadv.com","description":"Formado em Belo Horizonte, na Pontif\u00edcia Universidade Cat\u00f3lica de Minas Gerais - Campus Cora\u00e7\u00e3o Eucar\u00edstico. Com atua\u00e7\u00e3o nos primeiros anos nesta Capital, seguiu-se na milit\u00e2ncia na Comarca de Arinos (noroeste do Estado), onde at\u00e9 hoje atua. \r\n Sinto desafiado por causas complexas nas lides\/demandas c\u00edveis, criminais e em autua\u00e7\u00f5es em Multas Ambientais, inclusive.","link":"https:\/\/silvaniomoreiraadv.com\/index.php\/author\/silvaniomoreiraadv-com\/","slug":"silvaniomoreiraadv-com","avatar_urls":{"24":"https:\/\/secure.gravatar.com\/avatar\/220ef58730295407ad2d1204b8538d3d?s=24&d=mm&r=g","48":"https:\/\/secure.gravatar.com\/avatar\/220ef58730295407ad2d1204b8538d3d?s=48&d=mm&r=g","96":"https:\/\/secure.gravatar.com\/avatar\/220ef58730295407ad2d1204b8538d3d?s=96&d=mm&r=g"},"meta":[],"_links":{"self":[{"href":"https:\/\/silvaniomoreiraadv.com\/index.php\/wp-json\/wp\/v2\/users\/1"}],"collection":[{"href":"https:\/\/silvaniomoreiraadv.com\/index.php\/wp-json\/wp\/v2\/users"}]}}